{"id":1276,"date":"2019-06-18T13:29:35","date_gmt":"2019-06-18T11:29:35","guid":{"rendered":"https:\/\/hdl-portugal.eu\/ausgezeichnet\/"},"modified":"2020-08-17T17:14:03","modified_gmt":"2020-08-17T15:14:03","slug":"ausgezeichnet","status":"publish","type":"post","link":"https:\/\/herdade-dos-lagos.de\/pt-pt\/ausgezeichnet\/","title":{"rendered":"Excelente"},"content":{"rendered":"\n<p>A Mundus Vini Biofach premiou o nosso HDL Reserva Sele\u00e7\u00e3o 2016 com Grand Gold e nomeou-o <strong>o melhor vinho tinto da competi\u00e7\u00e3o.<\/strong><\/p>\n\n\n\n<p>Chama-se HDL Reserva Sele\u00e7\u00e3o porque cont\u00e9m a sele\u00e7\u00e3o das melhores castas da Herdade dos Lagos. Um doce premiado.<\/p>\n\n\n\n<figure class=\"wp-block-gallery columns-1 is-cropped wp-block-gallery-1 is-layout-flex wp-block-gallery-is-layout-flex\"><ul class=\"blocks-gallery-grid\"><li class=\"blocks-gallery-item\"><figure><img data-recalc-dims=\"1\" loading=\"lazy\" decoding=\"async\" width=\"277\" height=\"1024\" src=\"https:\/\/i0.wp.com\/hdl-portugal.eu\/wp-content\/uploads\/2019\/06\/selecao-277x1024.png?resize=277%2C1024&#038;ssl=1\" alt=\"\" data-id=\"1864\" data-full-url=\"https:\/\/hdl-portugal.eu\/wp-content\/uploads\/2019\/06\/selecao.png\" data-link=\"https:\/\/hdl-portugal.eu\/ausgezeichnet\/selecao\/\" class=\"wp-image-1864\" srcset=\"https:\/\/i0.wp.com\/herdade-dos-lagos.de\/wp-content\/uploads\/2019\/06\/selecao.png?resize=277%2C1024&amp;ssl=1 277w, https:\/\/i0.wp.com\/herdade-dos-lagos.de\/wp-content\/uploads\/2019\/06\/selecao.png?resize=81%2C300&amp;ssl=1 81w, https:\/\/i0.wp.com\/herdade-dos-lagos.de\/wp-content\/uploads\/2019\/06\/selecao.png?resize=768%2C2839&amp;ssl=1 768w, https:\/\/i0.wp.com\/herdade-dos-lagos.de\/wp-content\/uploads\/2019\/06\/selecao.png?resize=416%2C1536&amp;ssl=1 416w, https:\/\/i0.wp.com\/herdade-dos-lagos.de\/wp-content\/uploads\/2019\/06\/selecao.png?resize=554%2C2048&amp;ssl=1 554w, https:\/\/i0.wp.com\/herdade-dos-lagos.de\/wp-content\/uploads\/2019\/06\/selecao.png?resize=1240%2C4584&amp;ssl=1 1240w, https:\/\/i0.wp.com\/herdade-dos-lagos.de\/wp-content\/uploads\/2019\/06\/selecao.png?resize=508%2C1878&amp;ssl=1 508w, https:\/\/i0.wp.com\/herdade-dos-lagos.de\/wp-content\/uploads\/2019\/06\/selecao.png?w=1344&amp;ssl=1 1344w\" sizes=\"auto, (max-width: 277px) 100vw, 277px\" \/><\/figure><\/li><\/ul><\/figure>\n","protected":false},"excerpt":{"rendered":"<p>A Mundus Vini Biofach premiou o nosso HDL Reserva Sele\u00e7\u00e3o 2016 com Grand Gold e nomeou-o o melhor vinho tinto da competi\u00e7\u00e3o. Chama-se HDL Reserva Sele\u00e7\u00e3o porque cont\u00e9m a sele\u00e7\u00e3o das melhores castas da Herdade dos Lagos. Um doce premiado.<\/p>\n","protected":false},"author":1,"featured_media":849,"comment_status":"open","ping_status":"open","sticky":false,"template":"","format":"standard","meta":{"ngg_post_thumbnail":0,"_jetpack_memberships_contains_paid_content":false,"footnotes":""},"categories":[12],"tags":[],"class_list":["post-1276","post","type-post","status-publish","format-standard","has-post-thumbnail","hentry","category-sem-categoria"],"jetpack_featured_media_url":"https:\/\/i0.wp.com\/herdade-dos-lagos.de\/wp-content\/uploads\/2019\/06\/HDL_Flaschen_Composing_klein.jpg?fit=4724%2C2436&ssl=1","jetpack_sharing_enabled":true,"_links":{"self":[{"href":"https:\/\/herdade-dos-lagos.de\/pt-pt\/wp-json\/wp\/v2\/posts\/1276","targetHints":{"allow":["GET"]}}],"collection":[{"href":"https:\/\/herdade-dos-lagos.de\/pt-pt\/wp-json\/wp\/v2\/posts"}],"about":[{"href":"https:\/\/herdade-dos-lagos.de\/pt-pt\/wp-json\/wp\/v2\/types\/post"}],"author":[{"embeddable":true,"href":"https:\/\/herdade-dos-lagos.de\/pt-pt\/wp-json\/wp\/v2\/users\/1"}],"replies":[{"embeddable":true,"href":"https:\/\/herdade-dos-lagos.de\/pt-pt\/wp-json\/wp\/v2\/comments?post=1276"}],"version-history":[{"count":6,"href":"https:\/\/herdade-dos-lagos.de\/pt-pt\/wp-json\/wp\/v2\/posts\/1276\/revisions"}],"predecessor-version":[{"id":3192,"href":"https:\/\/herdade-dos-lagos.de\/pt-pt\/wp-json\/wp\/v2\/posts\/1276\/revisions\/3192"}],"wp:featuredmedia":[{"embeddable":true,"href":"https:\/\/herdade-dos-lagos.de\/pt-pt\/wp-json\/wp\/v2\/media\/849"}],"wp:attachment":[{"href":"https:\/\/herdade-dos-lagos.de\/pt-pt\/wp-json\/wp\/v2\/media?parent=1276"}],"wp:term":[{"taxonomy":"category","embeddable":true,"href":"https:\/\/herdade-dos-lagos.de\/pt-pt\/wp-json\/wp\/v2\/categories?post=1276"},{"taxonomy":"post_tag","embeddable":true,"href":"https:\/\/herdade-dos-lagos.de\/pt-pt\/wp-json\/wp\/v2\/tags?post=1276"}],"curies":[{"name":"wp","href":"https:\/\/api.w.org\/{rel}","templated":true}]}}